{"id":9065,"date":"2023-09-08T18:51:14","date_gmt":"2023-09-08T16:51:14","guid":{"rendered":"https:\/\/napolibandb.it\/2023\/09\/08\/piazza-del-gesu-a-napoli\/"},"modified":"2023-09-08T18:56:55","modified_gmt":"2023-09-08T16:56:55","slug":"piazza-del-gesu-a-napoli","status":"publish","type":"post","link":"https:\/\/napolibandb.it\/fr\/2023\/09\/08\/piazza-del-gesu-a-napoli\/","title":{"rendered":"Piazza Del Ges\u00f9 A Napoli"},"content":{"rendered":"\n<p class=\"has-thmv-dark-color has-text-color wp-block-paragraph\">La Piazza del Ges\u00f9 de Naples, autrefois porte d&rsquo;entr\u00e9e de la ville gr\u00e9co-romaine, est le point de d\u00e9part id\u00e9al vers le centre antique de Naples qui se d\u00e9veloppe le long de trois rues parall\u00e8les (correspondant au grec plateiai, decumani \u00e0 l&rsquo;\u00e9poque romaine), coup\u00e9es \u00e0 un angle soutenu par d&rsquo;autres moyens (les sienopoi ou charni\u00e8res).<\/p>\n\n<figure class=\"wp-block-image size-large\"><img data-rjs=\"2\" fetchpriority=\"high\" decoding=\"async\" width=\"819\" height=\"1024\" src=\"https:\/\/napolibandb.it\/wp-content\/uploads\/2023\/09\/piazza-del-gesu-napoli-centro-i-visconti-819x1024.jpeg\" alt=\"piazza del ges&#xF9;, napoli centro,\" class=\"wp-image-9055\" srcset=\"https:\/\/napolibandb.it\/wp-content\/uploads\/2023\/09\/piazza-del-gesu-napoli-centro-i-visconti-819x1024.jpeg 819w, https:\/\/napolibandb.it\/wp-content\/uploads\/2023\/09\/piazza-del-gesu-napoli-centro-i-visconti-240x300.jpeg 240w, https:\/\/napolibandb.it\/wp-content\/uploads\/2023\/09\/piazza-del-gesu-napoli-centro-i-visconti-768x960.jpeg 768w, https:\/\/napolibandb.it\/wp-content\/uploads\/2023\/09\/piazza-del-gesu-napoli-centro-i-visconti-64x80.jpeg 64w, https:\/\/napolibandb.it\/wp-content\/uploads\/2023\/09\/piazza-del-gesu-napoli-centro-i-visconti-242x303.jpeg 242w, https:\/\/napolibandb.it\/wp-content\/uploads\/2023\/09\/piazza-del-gesu-napoli-centro-i-visconti-560x700.jpeg 560w, https:\/\/napolibandb.it\/wp-content\/uploads\/2023\/09\/piazza-del-gesu-napoli-centro-i-visconti-760x950.jpeg 760w, https:\/\/napolibandb.it\/wp-content\/uploads\/2023\/09\/piazza-del-gesu-napoli-centro-i-visconti-864x1080.jpeg 864w, https:\/\/napolibandb.it\/wp-content\/uploads\/2023\/09\/piazza-del-gesu-napoli-centro-i-visconti-32x40.jpeg 32w, https:\/\/napolibandb.it\/wp-content\/uploads\/2023\/09\/piazza-del-gesu-napoli-centro-i-visconti.jpeg 1080w\" sizes=\"(max-width: 819px) 100vw, 819px\" \/><\/figure>\n\n<p class=\"wp-block-paragraph\">Le trac\u00e9 de ces routes est encore conserv\u00e9 aujourd&rsquo;hui, conservant, apr\u00e8s deux mille cinq cents ans, la m\u00eame configuration con\u00e7ue par Hippodamus de Milet, architecte grec de la fin du VIe si\u00e8cle avant JC.<\/p>\n\n<h2 class=\"wp-block-heading\" id=\"h-piazza-del-gesu-nel-centro-di-napoli\">PIAZZA DEL GES\u00d9 AU CENTRE DE NAPLES<\/h2>\n\n<p class=\"wp-block-paragraph\">La Piazza del Ges\u00f9 introduit ainsi le premier decumanus, qui prit le nom de \u00ab Spaccanapoli \u00bb en raison de sa fonction de s\u00e9paration du centre de la ville.<\/p>\n\n<p class=\"wp-block-paragraph\">Actuellement, la Piazza del Ges\u00f9 &#8211; et c&rsquo;est l\u00e0 son charme particulier &#8211; offre dans son ensemble diff\u00e9rentes typologies stylistiques : au-del\u00e0 des murs, le complexe du monast\u00e8re de Santa Chiara avec son \u00e9glise m\u00e9di\u00e9vale en tuf ; en face, le palais du XVe si\u00e8cle de la famille Sanseverino, princes de Salerne, transform\u00e9 en \u00e9glise du Ges\u00f9 \u00e0 la fin du XVIe si\u00e8cle ; au centre, une des architectures urbaines napolitaines typiques du baroque tardif, la fl\u00e8che de l&rsquo;Immacul\u00e9e Conception, r\u00e9alis\u00e9e par les architectes Giuseppe Genuino et Giuseppe di Fiore avec des d\u00e9corations sculpturales de Matteo Bottiglieri et Francesco Pagano.<\/p>\n\n<p class=\"wp-block-paragraph\">Ce monument, command\u00e9 par les p\u00e8res j\u00e9suites en 1743, gigantesque fusion d&rsquo;architecture et de sculpture de plus de trente m\u00e8tres de haut, est l&rsquo;une des trois fl\u00e8ches construites dans la ville : une v\u00e9ritable \u00ab machine \u00e0 f\u00eate \u00bb b\u00e2tie en pierre.<\/p>\n","protected":false},"excerpt":{"rendered":"<p>La Piazza del Ges\u00f9 de Naples, autrefois porte d&rsquo;entr\u00e9e de la ville gr\u00e9co-romaine, est le point de d\u00e9part id\u00e9al vers le centre antique de Naples qui se d\u00e9veloppe le long de trois rues parall\u00e8les (correspondant au grec plateiai, decumani \u00e0 &hellip; <a href=\"https:\/\/napolibandb.it\/fr\/2023\/09\/08\/piazza-del-gesu-a-napoli\/\">Read More<\/a><\/p>\n","protected":false},"author":1,"featured_media":9052,"comment_status":"closed","ping_status":"closed","sticky":false,"template":"","format":"standard","meta":{"footnotes":""},"categories":[190],"tags":[],"class_list":["post-9065","post","type-post","status-publish","format-standard","has-post-thumbnail","hentry","category-centro-storico-napoli-fr"],"yoast_head":"<!-- This site is optimized with the Yoast SEO Premium plugin v26.9 (Yoast SEO v28.3) - https:\/\/yoast.com\/product\/yoast-seo-premium-wordpress\/ -->\n<title>Piazza Del Ges\u00f9 A Napoli | I Visconti B&amp;B Napoli<\/title>\n<meta name=\"robots\" content=\"index, follow, max-snippet:-1, max-image-preview:large, max-video-preview:-1\" \/>\n<link rel=\"canonical\" href=\"https:\/\/napolibandb.it\/fr\/2023\/09\/08\/piazza-del-gesu-a-napoli\/\" \/>\n<meta property=\"og:locale\" content=\"fr_FR\" \/>\n<meta property=\"og:type\" content=\"article\" \/>\n<meta property=\"og:title\" content=\"Piazza Del Ges\u00f9 A Napoli\" \/>\n<meta property=\"og:description\" content=\"La Piazza del Ges\u00f9 de Naples, autrefois porte d&rsquo;entr\u00e9e de la ville gr\u00e9co-romaine, est le point de d\u00e9part id\u00e9al vers le centre antique de Naples qui se d\u00e9veloppe le long de trois rues parall\u00e8les (correspondant au grec plateiai, decumani \u00e0 &hellip; Read More\" \/>\n<meta property=\"og:url\" content=\"https:\/\/napolibandb.it\/fr\/2023\/09\/08\/piazza-del-gesu-a-napoli\/\" \/>\n<meta property=\"og:site_name\" content=\"Bed and Breakfast Napoli | I Visconti | B&amp;B Napoli centro\" \/>\n<meta property=\"article:publisher\" content=\"https:\/\/www.facebook.com\/www.napolibandb.it\" \/>\n<meta property=\"article:published_time\" content=\"2023-09-08T16:51:14+00:00\" \/>\n<meta property=\"article:modified_time\" content=\"2023-09-08T16:56:55+00:00\" \/>\n<meta property=\"og:image\" content=\"https:\/\/napolibandb.it\/wp-content\/uploads\/2023\/09\/piazza-del-gesu-napoli-b-and-b-i-visconti.jpeg\" \/>\n\t<meta property=\"og:image:width\" content=\"1200\" \/>\n\t<meta property=\"og:image:height\" content=\"800\" \/>\n\t<meta property=\"og:image:type\" content=\"image\/jpeg\" \/>\n<meta name=\"author\" content=\"admin\" \/>\n<meta name=\"twitter:card\" content=\"summary_large_image\" \/>\n<meta name=\"twitter:label1\" content=\"\u00c9crit par\" \/>\n\t<meta name=\"twitter:data1\" content=\"admin\" \/>\n\t<meta name=\"twitter:label2\" content=\"Dur\u00e9e de lecture estim\u00e9e\" \/>\n\t<meta name=\"twitter:data2\" content=\"1 minute\" \/>\n<script type=\"application\/ld+json\" class=\"yoast-schema-graph\">{\"@context\":\"https:\\\/\\\/schema.org\",\"@graph\":[{\"@type\":\"Article\",\"@id\":\"https:\\\/\\\/napolibandb.it\\\/fr\\\/2023\\\/09\\\/08\\\/piazza-del-gesu-a-napoli\\\/#article\",\"isPartOf\":{\"@id\":\"https:\\\/\\\/napolibandb.it\\\/fr\\\/2023\\\/09\\\/08\\\/piazza-del-gesu-a-napoli\\\/\"},\"author\":{\"name\":\"admin\",\"@id\":\"https:\\\/\\\/napolibandb.it\\\/fr\\\/#\\\/schema\\\/person\\\/1ceb6f7848b4ed902d0cb55188d791a1\"},\"headline\":\"Piazza Del Ges\u00f9 A Napoli\",\"datePublished\":\"2023-09-08T16:51:14+00:00\",\"dateModified\":\"2023-09-08T16:56:55+00:00\",\"mainEntityOfPage\":{\"@id\":\"https:\\\/\\\/napolibandb.it\\\/fr\\\/2023\\\/09\\\/08\\\/piazza-del-gesu-a-napoli\\\/\"},\"wordCount\":297,\"publisher\":{\"@id\":\"https:\\\/\\\/napolibandb.it\\\/fr\\\/#organization\"},\"image\":{\"@id\":\"https:\\\/\\\/napolibandb.it\\\/fr\\\/2023\\\/09\\\/08\\\/piazza-del-gesu-a-napoli\\\/#primaryimage\"},\"thumbnailUrl\":\"https:\\\/\\\/napolibandb.it\\\/wp-content\\\/uploads\\\/2023\\\/09\\\/piazza-del-gesu-napoli-b-and-b-i-visconti.jpeg\",\"articleSection\":[\"Centro Storico - Napoli\"],\"inLanguage\":\"fr-FR\"},{\"@type\":\"WebPage\",\"@id\":\"https:\\\/\\\/napolibandb.it\\\/fr\\\/2023\\\/09\\\/08\\\/piazza-del-gesu-a-napoli\\\/\",\"url\":\"https:\\\/\\\/napolibandb.it\\\/fr\\\/2023\\\/09\\\/08\\\/piazza-del-gesu-a-napoli\\\/\",\"name\":\"Piazza Del Ges\u00f9 A Napoli | I Visconti B&B Napoli\",\"isPartOf\":{\"@id\":\"https:\\\/\\\/napolibandb.it\\\/fr\\\/#website\"},\"primaryImageOfPage\":{\"@id\":\"https:\\\/\\\/napolibandb.it\\\/fr\\\/2023\\\/09\\\/08\\\/piazza-del-gesu-a-napoli\\\/#primaryimage\"},\"image\":{\"@id\":\"https:\\\/\\\/napolibandb.it\\\/fr\\\/2023\\\/09\\\/08\\\/piazza-del-gesu-a-napoli\\\/#primaryimage\"},\"thumbnailUrl\":\"https:\\\/\\\/napolibandb.it\\\/wp-content\\\/uploads\\\/2023\\\/09\\\/piazza-del-gesu-napoli-b-and-b-i-visconti.jpeg\",\"datePublished\":\"2023-09-08T16:51:14+00:00\",\"dateModified\":\"2023-09-08T16:56:55+00:00\",\"breadcrumb\":{\"@id\":\"https:\\\/\\\/napolibandb.it\\\/fr\\\/2023\\\/09\\\/08\\\/piazza-del-gesu-a-napoli\\\/#breadcrumb\"},\"inLanguage\":\"fr-FR\",\"potentialAction\":[{\"@type\":\"ReadAction\",\"target\":[\"https:\\\/\\\/napolibandb.it\\\/fr\\\/2023\\\/09\\\/08\\\/piazza-del-gesu-a-napoli\\\/\"]}]},{\"@type\":\"ImageObject\",\"inLanguage\":\"fr-FR\",\"@id\":\"https:\\\/\\\/napolibandb.it\\\/fr\\\/2023\\\/09\\\/08\\\/piazza-del-gesu-a-napoli\\\/#primaryimage\",\"url\":\"https:\\\/\\\/napolibandb.it\\\/wp-content\\\/uploads\\\/2023\\\/09\\\/piazza-del-gesu-napoli-b-and-b-i-visconti.jpeg\",\"contentUrl\":\"https:\\\/\\\/napolibandb.it\\\/wp-content\\\/uploads\\\/2023\\\/09\\\/piazza-del-gesu-napoli-b-and-b-i-visconti.jpeg\",\"width\":1200,\"height\":800},{\"@type\":\"BreadcrumbList\",\"@id\":\"https:\\\/\\\/napolibandb.it\\\/fr\\\/2023\\\/09\\\/08\\\/piazza-del-gesu-a-napoli\\\/#breadcrumb\",\"itemListElement\":[{\"@type\":\"ListItem\",\"position\":1,\"name\":\"Home\",\"item\":\"https:\\\/\\\/napolibandb.it\\\/fr\\\/\"},{\"@type\":\"ListItem\",\"position\":2,\"name\":\"Piazza Del Ges\u00f9 A Napoli\"}]},{\"@type\":\"WebSite\",\"@id\":\"https:\\\/\\\/napolibandb.it\\\/fr\\\/#website\",\"url\":\"https:\\\/\\\/napolibandb.it\\\/fr\\\/\",\"name\":\"Bed and Breakfast Napoli | I Visconti a Napoli Centro\",\"description\":\"Cerchi un B&amp;B a Napoli centro? I Visconti &egrave; quello che fa per te\",\"publisher\":{\"@id\":\"https:\\\/\\\/napolibandb.it\\\/fr\\\/#organization\"},\"alternateName\":\"I Visconti B&B Napoli\",\"potentialAction\":[{\"@type\":\"SearchAction\",\"target\":{\"@type\":\"EntryPoint\",\"urlTemplate\":\"https:\\\/\\\/napolibandb.it\\\/fr\\\/?s={search_term_string}\"},\"query-input\":{\"@type\":\"PropertyValueSpecification\",\"valueRequired\":true,\"valueName\":\"search_term_string\"}}],\"inLanguage\":\"fr-FR\"},{\"@type\":[\"Organization\",\"Place\",\"BedAndBreakfast\"],\"@id\":\"https:\\\/\\\/napolibandb.it\\\/fr\\\/#organization\",\"name\":\"I Visconti B&B Napoli\",\"url\":\"https:\\\/\\\/napolibandb.it\\\/fr\\\/\",\"logo\":{\"@id\":\"https:\\\/\\\/napolibandb.it\\\/fr\\\/2023\\\/09\\\/08\\\/piazza-del-gesu-a-napoli\\\/#local-main-organization-logo\"},\"image\":{\"@id\":\"https:\\\/\\\/napolibandb.it\\\/fr\\\/2023\\\/09\\\/08\\\/piazza-del-gesu-a-napoli\\\/#local-main-organization-logo\"},\"sameAs\":[\"https:\\\/\\\/www.facebook.com\\\/www.napolibandb.it\",\"https:\\\/\\\/www.instagram.com\\\/bandb_visconti_napoli\\\/?hl=af\"],\"address\":{\"@id\":\"https:\\\/\\\/napolibandb.it\\\/fr\\\/2023\\\/09\\\/08\\\/piazza-del-gesu-a-napoli\\\/#local-main-place-address\"},\"geo\":{\"@type\":\"GeoCoordinates\",\"latitude\":\"40.846342427305196\",\"longitude\":\"14.248742973023457\"},\"telephone\":[\"0815529124\"],\"openingHoursSpecification\":[],\"email\":\"info@napolibandb.it\",\"paymentAccepted\":\"Bonifico Bancario, Carta di Credito\"},{\"@type\":\"Person\",\"@id\":\"https:\\\/\\\/napolibandb.it\\\/fr\\\/#\\\/schema\\\/person\\\/1ceb6f7848b4ed902d0cb55188d791a1\",\"name\":\"admin\",\"image\":{\"@type\":\"ImageObject\",\"inLanguage\":\"fr-FR\",\"@id\":\"https:\\\/\\\/secure.gravatar.com\\\/avatar\\\/25199fec36d72749416bbc688210851b03bb23c13e1295520c7d0f52a10b609d?s=96&d=mm&r=g\",\"url\":\"https:\\\/\\\/secure.gravatar.com\\\/avatar\\\/25199fec36d72749416bbc688210851b03bb23c13e1295520c7d0f52a10b609d?s=96&d=mm&r=g\",\"contentUrl\":\"https:\\\/\\\/secure.gravatar.com\\\/avatar\\\/25199fec36d72749416bbc688210851b03bb23c13e1295520c7d0f52a10b609d?s=96&d=mm&r=g\",\"caption\":\"admin\"},\"sameAs\":[\"https:\\\/\\\/napolibandb.it\"]},{\"@type\":\"PostalAddress\",\"@id\":\"https:\\\/\\\/napolibandb.it\\\/fr\\\/2023\\\/09\\\/08\\\/piazza-del-gesu-a-napoli\\\/#local-main-place-address\",\"streetAddress\":\"Via Pasquale Scura, 77 Napoli, Italia\",\"addressLocality\":\"Napoli\",\"postalCode\":\"80144\",\"addressRegion\":\"Italia\",\"addressCountry\":\"IT\"},{\"@type\":\"ImageObject\",\"inLanguage\":\"fr-FR\",\"@id\":\"https:\\\/\\\/napolibandb.it\\\/fr\\\/2023\\\/09\\\/08\\\/piazza-del-gesu-a-napoli\\\/#local-main-organization-logo\",\"url\":\"https:\\\/\\\/napolibandb.it\\\/wp-content\\\/uploads\\\/2023\\\/07\\\/logo-i-visconti-b-and-b-napoli.png\",\"contentUrl\":\"https:\\\/\\\/napolibandb.it\\\/wp-content\\\/uploads\\\/2023\\\/07\\\/logo-i-visconti-b-and-b-napoli.png\",\"width\":1212,\"height\":278,\"caption\":\"I Visconti B&B Napoli\"}]}<\/script>\n<meta name=\"geo.placename\" content=\"Napoli\" \/>\n<meta name=\"geo.position\" content=\"40.846342427305196;14.248742973023457\" \/>\n<meta name=\"geo.region\" content=\"Italie\" \/>\n<!-- \/ Yoast SEO Premium plugin. -->","yoast_head_json":{"title":"Piazza Del Ges\u00f9 A Napoli | I Visconti B&B Napoli","robots":{"index":"index","follow":"follow","max-snippet":"max-snippet:-1","max-image-preview":"max-image-preview:large","max-video-preview":"max-video-preview:-1"},"canonical":"https:\/\/napolibandb.it\/fr\/2023\/09\/08\/piazza-del-gesu-a-napoli\/","og_locale":"fr_FR","og_type":"article","og_title":"Piazza Del Ges\u00f9 A Napoli","og_description":"La Piazza del Ges\u00f9 de Naples, autrefois porte d&rsquo;entr\u00e9e de la ville gr\u00e9co-romaine, est le point de d\u00e9part id\u00e9al vers le centre antique de Naples qui se d\u00e9veloppe le long de trois rues parall\u00e8les (correspondant au grec plateiai, decumani \u00e0 &hellip; Read More","og_url":"https:\/\/napolibandb.it\/fr\/2023\/09\/08\/piazza-del-gesu-a-napoli\/","og_site_name":"Bed and Breakfast Napoli | I Visconti | B&amp;B Napoli centro","article_publisher":"https:\/\/www.facebook.com\/www.napolibandb.it","article_published_time":"2023-09-08T16:51:14+00:00","article_modified_time":"2023-09-08T16:56:55+00:00","og_image":[{"width":1200,"height":800,"url":"https:\/\/napolibandb.it\/wp-content\/uploads\/2023\/09\/piazza-del-gesu-napoli-b-and-b-i-visconti.jpeg","type":"image\/jpeg"}],"author":"admin","twitter_card":"summary_large_image","twitter_misc":{"\u00c9crit par":"admin","Dur\u00e9e de lecture estim\u00e9e":"1 minute"},"schema":{"@context":"https:\/\/schema.org","@graph":[{"@type":"Article","@id":"https:\/\/napolibandb.it\/fr\/2023\/09\/08\/piazza-del-gesu-a-napoli\/#article","isPartOf":{"@id":"https:\/\/napolibandb.it\/fr\/2023\/09\/08\/piazza-del-gesu-a-napoli\/"},"author":{"name":"admin","@id":"https:\/\/napolibandb.it\/fr\/#\/schema\/person\/1ceb6f7848b4ed902d0cb55188d791a1"},"headline":"Piazza Del Ges\u00f9 A Napoli","datePublished":"2023-09-08T16:51:14+00:00","dateModified":"2023-09-08T16:56:55+00:00","mainEntityOfPage":{"@id":"https:\/\/napolibandb.it\/fr\/2023\/09\/08\/piazza-del-gesu-a-napoli\/"},"wordCount":297,"publisher":{"@id":"https:\/\/napolibandb.it\/fr\/#organization"},"image":{"@id":"https:\/\/napolibandb.it\/fr\/2023\/09\/08\/piazza-del-gesu-a-napoli\/#primaryimage"},"thumbnailUrl":"https:\/\/napolibandb.it\/wp-content\/uploads\/2023\/09\/piazza-del-gesu-napoli-b-and-b-i-visconti.jpeg","articleSection":["Centro Storico - Napoli"],"inLanguage":"fr-FR"},{"@type":"WebPage","@id":"https:\/\/napolibandb.it\/fr\/2023\/09\/08\/piazza-del-gesu-a-napoli\/","url":"https:\/\/napolibandb.it\/fr\/2023\/09\/08\/piazza-del-gesu-a-napoli\/","name":"Piazza Del Ges\u00f9 A Napoli | I Visconti B&B Napoli","isPartOf":{"@id":"https:\/\/napolibandb.it\/fr\/#website"},"primaryImageOfPage":{"@id":"https:\/\/napolibandb.it\/fr\/2023\/09\/08\/piazza-del-gesu-a-napoli\/#primaryimage"},"image":{"@id":"https:\/\/napolibandb.it\/fr\/2023\/09\/08\/piazza-del-gesu-a-napoli\/#primaryimage"},"thumbnailUrl":"https:\/\/napolibandb.it\/wp-content\/uploads\/2023\/09\/piazza-del-gesu-napoli-b-and-b-i-visconti.jpeg","datePublished":"2023-09-08T16:51:14+00:00","dateModified":"2023-09-08T16:56:55+00:00","breadcrumb":{"@id":"https:\/\/napolibandb.it\/fr\/2023\/09\/08\/piazza-del-gesu-a-napoli\/#breadcrumb"},"inLanguage":"fr-FR","potentialAction":[{"@type":"ReadAction","target":["https:\/\/napolibandb.it\/fr\/2023\/09\/08\/piazza-del-gesu-a-napoli\/"]}]},{"@type":"ImageObject","inLanguage":"fr-FR","@id":"https:\/\/napolibandb.it\/fr\/2023\/09\/08\/piazza-del-gesu-a-napoli\/#primaryimage","url":"https:\/\/napolibandb.it\/wp-content\/uploads\/2023\/09\/piazza-del-gesu-napoli-b-and-b-i-visconti.jpeg","contentUrl":"https:\/\/napolibandb.it\/wp-content\/uploads\/2023\/09\/piazza-del-gesu-napoli-b-and-b-i-visconti.jpeg","width":1200,"height":800},{"@type":"BreadcrumbList","@id":"https:\/\/napolibandb.it\/fr\/2023\/09\/08\/piazza-del-gesu-a-napoli\/#breadcrumb","itemListElement":[{"@type":"ListItem","position":1,"name":"Home","item":"https:\/\/napolibandb.it\/fr\/"},{"@type":"ListItem","position":2,"name":"Piazza Del Ges\u00f9 A Napoli"}]},{"@type":"WebSite","@id":"https:\/\/napolibandb.it\/fr\/#website","url":"https:\/\/napolibandb.it\/fr\/","name":"Bed and Breakfast Napoli | I Visconti a Napoli Centro","description":"Cerchi un B&amp;B a Napoli centro? I Visconti &egrave; quello che fa per te","publisher":{"@id":"https:\/\/napolibandb.it\/fr\/#organization"},"alternateName":"I Visconti B&B Napoli","potentialAction":[{"@type":"SearchAction","target":{"@type":"EntryPoint","urlTemplate":"https:\/\/napolibandb.it\/fr\/?s={search_term_string}"},"query-input":{"@type":"PropertyValueSpecification","valueRequired":true,"valueName":"search_term_string"}}],"inLanguage":"fr-FR"},{"@type":["Organization","Place","BedAndBreakfast"],"@id":"https:\/\/napolibandb.it\/fr\/#organization","name":"I Visconti B&B Napoli","url":"https:\/\/napolibandb.it\/fr\/","logo":{"@id":"https:\/\/napolibandb.it\/fr\/2023\/09\/08\/piazza-del-gesu-a-napoli\/#local-main-organization-logo"},"image":{"@id":"https:\/\/napolibandb.it\/fr\/2023\/09\/08\/piazza-del-gesu-a-napoli\/#local-main-organization-logo"},"sameAs":["https:\/\/www.facebook.com\/www.napolibandb.it","https:\/\/www.instagram.com\/bandb_visconti_napoli\/?hl=af"],"address":{"@id":"https:\/\/napolibandb.it\/fr\/2023\/09\/08\/piazza-del-gesu-a-napoli\/#local-main-place-address"},"geo":{"@type":"GeoCoordinates","latitude":"40.846342427305196","longitude":"14.248742973023457"},"telephone":["0815529124"],"openingHoursSpecification":[],"email":"info@napolibandb.it","paymentAccepted":"Bonifico Bancario, Carta di Credito"},{"@type":"Person","@id":"https:\/\/napolibandb.it\/fr\/#\/schema\/person\/1ceb6f7848b4ed902d0cb55188d791a1","name":"admin","image":{"@type":"ImageObject","inLanguage":"fr-FR","@id":"https:\/\/secure.gravatar.com\/avatar\/25199fec36d72749416bbc688210851b03bb23c13e1295520c7d0f52a10b609d?s=96&d=mm&r=g","url":"https:\/\/secure.gravatar.com\/avatar\/25199fec36d72749416bbc688210851b03bb23c13e1295520c7d0f52a10b609d?s=96&d=mm&r=g","contentUrl":"https:\/\/secure.gravatar.com\/avatar\/25199fec36d72749416bbc688210851b03bb23c13e1295520c7d0f52a10b609d?s=96&d=mm&r=g","caption":"admin"},"sameAs":["https:\/\/napolibandb.it"]},{"@type":"PostalAddress","@id":"https:\/\/napolibandb.it\/fr\/2023\/09\/08\/piazza-del-gesu-a-napoli\/#local-main-place-address","streetAddress":"Via Pasquale Scura, 77 Napoli, Italia","addressLocality":"Napoli","postalCode":"80144","addressRegion":"Italia","addressCountry":"IT"},{"@type":"ImageObject","inLanguage":"fr-FR","@id":"https:\/\/napolibandb.it\/fr\/2023\/09\/08\/piazza-del-gesu-a-napoli\/#local-main-organization-logo","url":"https:\/\/napolibandb.it\/wp-content\/uploads\/2023\/07\/logo-i-visconti-b-and-b-napoli.png","contentUrl":"https:\/\/napolibandb.it\/wp-content\/uploads\/2023\/07\/logo-i-visconti-b-and-b-napoli.png","width":1212,"height":278,"caption":"I Visconti B&B Napoli"}]},"geo.placename":"Napoli","geo.position":{"lat":"40.846342427305196","long":"14.248742973023457"},"geo.region":"Italie"},"_links":{"self":[{"href":"https:\/\/napolibandb.it\/fr\/wp-json\/wp\/v2\/posts\/9065","targetHints":{"allow":["GET"]}}],"collection":[{"href":"https:\/\/napolibandb.it\/fr\/wp-json\/wp\/v2\/posts"}],"about":[{"href":"https:\/\/napolibandb.it\/fr\/wp-json\/wp\/v2\/types\/post"}],"author":[{"embeddable":true,"href":"https:\/\/napolibandb.it\/fr\/wp-json\/wp\/v2\/users\/1"}],"replies":[{"embeddable":true,"href":"https:\/\/napolibandb.it\/fr\/wp-json\/wp\/v2\/comments?post=9065"}],"version-history":[{"count":1,"href":"https:\/\/napolibandb.it\/fr\/wp-json\/wp\/v2\/posts\/9065\/revisions"}],"predecessor-version":[{"id":9066,"href":"https:\/\/napolibandb.it\/fr\/wp-json\/wp\/v2\/posts\/9065\/revisions\/9066"}],"wp:featuredmedia":[{"embeddable":true,"href":"https:\/\/napolibandb.it\/fr\/wp-json\/wp\/v2\/media\/9052"}],"wp:attachment":[{"href":"https:\/\/napolibandb.it\/fr\/wp-json\/wp\/v2\/media?parent=9065"}],"wp:term":[{"taxonomy":"category","embeddable":true,"href":"https:\/\/napolibandb.it\/fr\/wp-json\/wp\/v2\/categories?post=9065"},{"taxonomy":"post_tag","embeddable":true,"href":"https:\/\/napolibandb.it\/fr\/wp-json\/wp\/v2\/tags?post=9065"}],"curies":[{"name":"wp","href":"https:\/\/api.w.org\/{rel}","templated":true}]}}