{"id":3742,"date":"2023-05-19T08:31:28","date_gmt":"2023-05-19T08:31:28","guid":{"rendered":"https:\/\/napolibandb.it\/2023\/05\/19\/san-pietro-a-majella-et-musee-historique-musicale\/"},"modified":"2023-06-01T09:48:04","modified_gmt":"2023-06-01T09:48:04","slug":"san-pietro-a-majella-et-musee-historique-musicale","status":"publish","type":"post","link":"https:\/\/napolibandb.it\/fr\/2023\/05\/19\/san-pietro-a-majella-et-musee-historique-musicale\/","title":{"rendered":"San pietro a majella et mus\u00e9e historique-musicale"},"content":{"rendered":"\n<p class=\"wp-block-paragraph\">Le couvent de san pietro a majella nait au xiv\u00e8me si\u00e8cle pour la volont\u00e9 de la curie de carlo ii d\u2018anjou. L\u2019\u00e9glise est d\u00e9di\u00e9e \u00e0 pietro angeleri da morrone, ermite de la maiella, devenu pape celestino v en 1294. L\u2019ensemble fut agrandi entre 1493-1508 avec une nouvelle fa\u00e7ade et restaur\u00e9 plusieurs fois pendant les si\u00e8cles.<\/p>\n\n<p class=\"wp-block-paragraph\">Digne d\u2019importance est la chapelle de la famille leonessa, avec les fresques d\u2019un anonyme mais excellent peintre qui r\u00e9alise les histoires de san martino.<\/p>\n\n<p class=\"wp-block-paragraph\">L\u2019auteur certainement grandi dans le milieu napolitain apr\u00e8s le s\u00e9jour de giotto (1328-1333) marche avec son temps aussi sur les \u00e9l\u00e9gantes influences de simone martini comme on peut voir dans les d\u00e9corations des costumes et dans la recherche des d\u00e9tails qui r\u00e9fl\u00e9chissent la culture d\u2019avignon.<\/p>\n\n<p class=\"wp-block-paragraph\">Le monast\u00e8re accueille \u00e0 partir du 1826 le <strong>conservatoire de musique<\/strong> (dont l\u2019origine remonte au \u2018500) et il ya quelques ann\u00e9es on a ouvert le <strong>mus\u00e9e historique musicale<\/strong> avec nombreuses t\u00e9moignages de la vie du conservatoire.<\/p>\n\n<p class=\"wp-block-paragraph\">Grace au collectionnisme de francesco florido, directeur du conservatoire entre 1826-1888 on garde aujourd\u2019hui portraits et bustes de musiciens qui ont marqu\u00e9 l\u2019histoire de la musique italienne et europ\u00e9enne de xvi jusqu\u2019\u00e0 xx si\u00e8cle et encore instruments musicaux, anciens vestiges et une biblioth\u00e8que qualifi\u00e9e avec rares manuscrits, premier entre tous celui sign\u00e9 par giuseppe verdi.<\/p>\n","protected":false},"excerpt":{"rendered":"<p>Le couvent de san pietro a majella nait au xiv\u00e8me si\u00e8cle pour la volont\u00e9 de la curie de carlo ii d\u2018anjou. L\u2019\u00e9glise est d\u00e9di\u00e9e \u00e0 pietro angeleri da morrone, ermite de la maiella, devenu pape celestino v en 1294. L\u2019ensemble &hellip; <a href=\"https:\/\/napolibandb.it\/fr\/2023\/05\/19\/san-pietro-a-majella-et-musee-historique-musicale\/\">Read More<\/a><\/p>\n","protected":false},"author":1,"featured_media":2274,"comment_status":"open","ping_status":"open","sticky":false,"template":"","format":"standard","meta":{"footnotes":""},"categories":[96],"tags":[],"class_list":["post-3742","post","type-post","status-publish","format-standard","has-post-thumbnail","hentry","category-musees-naples"],"yoast_head":"<!-- This site is optimized with the Yoast SEO Premium plugin v26.9 (Yoast SEO v28.3) - https:\/\/yoast.com\/product\/yoast-seo-premium-wordpress\/ -->\n<title>San pietro a majella et mus\u00e9e historique-musicale | I Visconti B&amp;B Napoli<\/title>\n<meta name=\"robots\" content=\"index, follow, max-snippet:-1, max-image-preview:large, max-video-preview:-1\" \/>\n<link rel=\"canonical\" href=\"https:\/\/napolibandb.it\/fr\/2023\/05\/19\/san-pietro-a-majella-et-musee-historique-musicale\/\" \/>\n<meta property=\"og:locale\" content=\"fr_FR\" \/>\n<meta property=\"og:type\" content=\"article\" \/>\n<meta property=\"og:title\" content=\"San pietro a majella et mus\u00e9e historique-musicale\" \/>\n<meta property=\"og:description\" content=\"Le couvent de san pietro a majella nait au xiv\u00e8me si\u00e8cle pour la volont\u00e9 de la curie de carlo ii d\u2018anjou. L\u2019\u00e9glise est d\u00e9di\u00e9e \u00e0 pietro angeleri da morrone, ermite de la maiella, devenu pape celestino v en 1294. L\u2019ensemble &hellip; Read More\" \/>\n<meta property=\"og:url\" content=\"https:\/\/napolibandb.it\/fr\/2023\/05\/19\/san-pietro-a-majella-et-musee-historique-musicale\/\" \/>\n<meta property=\"og:site_name\" content=\"Bed and Breakfast Napoli | I Visconti | B&amp;B Napoli centro\" \/>\n<meta property=\"article:publisher\" content=\"https:\/\/www.facebook.com\/www.napolibandb.it\" \/>\n<meta property=\"article:published_time\" content=\"2023-05-19T08:31:28+00:00\" \/>\n<meta property=\"article:modified_time\" content=\"2023-06-01T09:48:04+00:00\" \/>\n<meta property=\"og:image\" content=\"https:\/\/napolibandb.it\/wp-content\/uploads\/2023\/05\/Museo-Storico-Musicale-di-Napoli-.jpeg\" \/>\n\t<meta property=\"og:image:width\" content=\"1280\" \/>\n\t<meta property=\"og:image:height\" content=\"770\" \/>\n\t<meta property=\"og:image:type\" content=\"image\/jpeg\" \/>\n<meta name=\"author\" content=\"admin\" \/>\n<meta name=\"twitter:card\" content=\"summary_large_image\" \/>\n<meta name=\"twitter:label1\" content=\"\u00c9crit par\" \/>\n\t<meta name=\"twitter:data1\" content=\"admin\" \/>\n\t<meta name=\"twitter:label2\" content=\"Dur\u00e9e de lecture estim\u00e9e\" \/>\n\t<meta name=\"twitter:data2\" content=\"1 minute\" \/>\n<script type=\"application\/ld+json\" class=\"yoast-schema-graph\">{\"@context\":\"https:\\\/\\\/schema.org\",\"@graph\":[{\"@type\":\"Article\",\"@id\":\"https:\\\/\\\/napolibandb.it\\\/fr\\\/2023\\\/05\\\/19\\\/san-pietro-a-majella-et-musee-historique-musicale\\\/#article\",\"isPartOf\":{\"@id\":\"https:\\\/\\\/napolibandb.it\\\/fr\\\/2023\\\/05\\\/19\\\/san-pietro-a-majella-et-musee-historique-musicale\\\/\"},\"author\":{\"name\":\"admin\",\"@id\":\"https:\\\/\\\/napolibandb.it\\\/fr\\\/#\\\/schema\\\/person\\\/1ceb6f7848b4ed902d0cb55188d791a1\"},\"headline\":\"San pietro a majella et mus\u00e9e historique-musicale\",\"datePublished\":\"2023-05-19T08:31:28+00:00\",\"dateModified\":\"2023-06-01T09:48:04+00:00\",\"mainEntityOfPage\":{\"@id\":\"https:\\\/\\\/napolibandb.it\\\/fr\\\/2023\\\/05\\\/19\\\/san-pietro-a-majella-et-musee-historique-musicale\\\/\"},\"wordCount\":250,\"commentCount\":0,\"publisher\":{\"@id\":\"https:\\\/\\\/napolibandb.it\\\/fr\\\/#organization\"},\"image\":{\"@id\":\"https:\\\/\\\/napolibandb.it\\\/fr\\\/2023\\\/05\\\/19\\\/san-pietro-a-majella-et-musee-historique-musicale\\\/#primaryimage\"},\"thumbnailUrl\":\"https:\\\/\\\/napolibandb.it\\\/wp-content\\\/uploads\\\/2023\\\/05\\\/Museo-Storico-Musicale-di-Napoli-.jpeg\",\"articleSection\":[\"Mus\u00e9es Naples\"],\"inLanguage\":\"fr-FR\",\"potentialAction\":[{\"@type\":\"CommentAction\",\"name\":\"Comment\",\"target\":[\"https:\\\/\\\/napolibandb.it\\\/fr\\\/2023\\\/05\\\/19\\\/san-pietro-a-majella-et-musee-historique-musicale\\\/#respond\"]}]},{\"@type\":\"WebPage\",\"@id\":\"https:\\\/\\\/napolibandb.it\\\/fr\\\/2023\\\/05\\\/19\\\/san-pietro-a-majella-et-musee-historique-musicale\\\/\",\"url\":\"https:\\\/\\\/napolibandb.it\\\/fr\\\/2023\\\/05\\\/19\\\/san-pietro-a-majella-et-musee-historique-musicale\\\/\",\"name\":\"San pietro a majella et mus\u00e9e historique-musicale | I Visconti B&B Napoli\",\"isPartOf\":{\"@id\":\"https:\\\/\\\/napolibandb.it\\\/fr\\\/#website\"},\"primaryImageOfPage\":{\"@id\":\"https:\\\/\\\/napolibandb.it\\\/fr\\\/2023\\\/05\\\/19\\\/san-pietro-a-majella-et-musee-historique-musicale\\\/#primaryimage\"},\"image\":{\"@id\":\"https:\\\/\\\/napolibandb.it\\\/fr\\\/2023\\\/05\\\/19\\\/san-pietro-a-majella-et-musee-historique-musicale\\\/#primaryimage\"},\"thumbnailUrl\":\"https:\\\/\\\/napolibandb.it\\\/wp-content\\\/uploads\\\/2023\\\/05\\\/Museo-Storico-Musicale-di-Napoli-.jpeg\",\"datePublished\":\"2023-05-19T08:31:28+00:00\",\"dateModified\":\"2023-06-01T09:48:04+00:00\",\"breadcrumb\":{\"@id\":\"https:\\\/\\\/napolibandb.it\\\/fr\\\/2023\\\/05\\\/19\\\/san-pietro-a-majella-et-musee-historique-musicale\\\/#breadcrumb\"},\"inLanguage\":\"fr-FR\",\"potentialAction\":[{\"@type\":\"ReadAction\",\"target\":[\"https:\\\/\\\/napolibandb.it\\\/fr\\\/2023\\\/05\\\/19\\\/san-pietro-a-majella-et-musee-historique-musicale\\\/\"]}]},{\"@type\":\"ImageObject\",\"inLanguage\":\"fr-FR\",\"@id\":\"https:\\\/\\\/napolibandb.it\\\/fr\\\/2023\\\/05\\\/19\\\/san-pietro-a-majella-et-musee-historique-musicale\\\/#primaryimage\",\"url\":\"https:\\\/\\\/napolibandb.it\\\/wp-content\\\/uploads\\\/2023\\\/05\\\/Museo-Storico-Musicale-di-Napoli-.jpeg\",\"contentUrl\":\"https:\\\/\\\/napolibandb.it\\\/wp-content\\\/uploads\\\/2023\\\/05\\\/Museo-Storico-Musicale-di-Napoli-.jpeg\",\"width\":1280,\"height\":770},{\"@type\":\"BreadcrumbList\",\"@id\":\"https:\\\/\\\/napolibandb.it\\\/fr\\\/2023\\\/05\\\/19\\\/san-pietro-a-majella-et-musee-historique-musicale\\\/#breadcrumb\",\"itemListElement\":[{\"@type\":\"ListItem\",\"position\":1,\"name\":\"Home\",\"item\":\"https:\\\/\\\/napolibandb.it\\\/fr\\\/\"},{\"@type\":\"ListItem\",\"position\":2,\"name\":\"San pietro a majella et mus\u00e9e historique-musicale\"}]},{\"@type\":\"WebSite\",\"@id\":\"https:\\\/\\\/napolibandb.it\\\/fr\\\/#website\",\"url\":\"https:\\\/\\\/napolibandb.it\\\/fr\\\/\",\"name\":\"Bed and Breakfast Napoli | I Visconti a Napoli Centro\",\"description\":\"Cerchi un B&amp;B a Napoli centro? I Visconti &egrave; quello che fa per te\",\"publisher\":{\"@id\":\"https:\\\/\\\/napolibandb.it\\\/fr\\\/#organization\"},\"alternateName\":\"I Visconti B&B Napoli\",\"potentialAction\":[{\"@type\":\"SearchAction\",\"target\":{\"@type\":\"EntryPoint\",\"urlTemplate\":\"https:\\\/\\\/napolibandb.it\\\/fr\\\/?s={search_term_string}\"},\"query-input\":{\"@type\":\"PropertyValueSpecification\",\"valueRequired\":true,\"valueName\":\"search_term_string\"}}],\"inLanguage\":\"fr-FR\"},{\"@type\":[\"Organization\",\"Place\",\"BedAndBreakfast\"],\"@id\":\"https:\\\/\\\/napolibandb.it\\\/fr\\\/#organization\",\"name\":\"I Visconti B&B Napoli\",\"url\":\"https:\\\/\\\/napolibandb.it\\\/fr\\\/\",\"logo\":{\"@id\":\"https:\\\/\\\/napolibandb.it\\\/fr\\\/2023\\\/05\\\/19\\\/san-pietro-a-majella-et-musee-historique-musicale\\\/#local-main-organization-logo\"},\"image\":{\"@id\":\"https:\\\/\\\/napolibandb.it\\\/fr\\\/2023\\\/05\\\/19\\\/san-pietro-a-majella-et-musee-historique-musicale\\\/#local-main-organization-logo\"},\"sameAs\":[\"https:\\\/\\\/www.facebook.com\\\/www.napolibandb.it\",\"https:\\\/\\\/www.instagram.com\\\/bandb_visconti_napoli\\\/?hl=af\"],\"address\":{\"@id\":\"https:\\\/\\\/napolibandb.it\\\/fr\\\/2023\\\/05\\\/19\\\/san-pietro-a-majella-et-musee-historique-musicale\\\/#local-main-place-address\"},\"geo\":{\"@type\":\"GeoCoordinates\",\"latitude\":\"40.846342427305196\",\"longitude\":\"14.248742973023457\"},\"telephone\":[\"0815529124\"],\"openingHoursSpecification\":[],\"email\":\"info@napolibandb.it\",\"paymentAccepted\":\"Bonifico Bancario, Carta di Credito\"},{\"@type\":\"Person\",\"@id\":\"https:\\\/\\\/napolibandb.it\\\/fr\\\/#\\\/schema\\\/person\\\/1ceb6f7848b4ed902d0cb55188d791a1\",\"name\":\"admin\",\"image\":{\"@type\":\"ImageObject\",\"inLanguage\":\"fr-FR\",\"@id\":\"https:\\\/\\\/secure.gravatar.com\\\/avatar\\\/25199fec36d72749416bbc688210851b03bb23c13e1295520c7d0f52a10b609d?s=96&d=mm&r=g\",\"url\":\"https:\\\/\\\/secure.gravatar.com\\\/avatar\\\/25199fec36d72749416bbc688210851b03bb23c13e1295520c7d0f52a10b609d?s=96&d=mm&r=g\",\"contentUrl\":\"https:\\\/\\\/secure.gravatar.com\\\/avatar\\\/25199fec36d72749416bbc688210851b03bb23c13e1295520c7d0f52a10b609d?s=96&d=mm&r=g\",\"caption\":\"admin\"},\"sameAs\":[\"https:\\\/\\\/napolibandb.it\"]},{\"@type\":\"PostalAddress\",\"@id\":\"https:\\\/\\\/napolibandb.it\\\/fr\\\/2023\\\/05\\\/19\\\/san-pietro-a-majella-et-musee-historique-musicale\\\/#local-main-place-address\",\"streetAddress\":\"Via Pasquale Scura, 77 Napoli, Italia\",\"addressLocality\":\"Napoli\",\"postalCode\":\"80144\",\"addressRegion\":\"Italia\",\"addressCountry\":\"IT\"},{\"@type\":\"ImageObject\",\"inLanguage\":\"fr-FR\",\"@id\":\"https:\\\/\\\/napolibandb.it\\\/fr\\\/2023\\\/05\\\/19\\\/san-pietro-a-majella-et-musee-historique-musicale\\\/#local-main-organization-logo\",\"url\":\"https:\\\/\\\/napolibandb.it\\\/wp-content\\\/uploads\\\/2023\\\/07\\\/logo-i-visconti-b-and-b-napoli.png\",\"contentUrl\":\"https:\\\/\\\/napolibandb.it\\\/wp-content\\\/uploads\\\/2023\\\/07\\\/logo-i-visconti-b-and-b-napoli.png\",\"width\":1212,\"height\":278,\"caption\":\"I Visconti B&B Napoli\"}]}<\/script>\n<meta name=\"geo.placename\" content=\"Napoli\" \/>\n<meta name=\"geo.position\" content=\"40.846342427305196;14.248742973023457\" \/>\n<meta name=\"geo.region\" content=\"Italie\" \/>\n<!-- \/ Yoast SEO Premium plugin. -->","yoast_head_json":{"title":"San pietro a majella et mus\u00e9e historique-musicale | I Visconti B&B Napoli","robots":{"index":"index","follow":"follow","max-snippet":"max-snippet:-1","max-image-preview":"max-image-preview:large","max-video-preview":"max-video-preview:-1"},"canonical":"https:\/\/napolibandb.it\/fr\/2023\/05\/19\/san-pietro-a-majella-et-musee-historique-musicale\/","og_locale":"fr_FR","og_type":"article","og_title":"San pietro a majella et mus\u00e9e historique-musicale","og_description":"Le couvent de san pietro a majella nait au xiv\u00e8me si\u00e8cle pour la volont\u00e9 de la curie de carlo ii d\u2018anjou. L\u2019\u00e9glise est d\u00e9di\u00e9e \u00e0 pietro angeleri da morrone, ermite de la maiella, devenu pape celestino v en 1294. L\u2019ensemble &hellip; Read More","og_url":"https:\/\/napolibandb.it\/fr\/2023\/05\/19\/san-pietro-a-majella-et-musee-historique-musicale\/","og_site_name":"Bed and Breakfast Napoli | I Visconti | B&amp;B Napoli centro","article_publisher":"https:\/\/www.facebook.com\/www.napolibandb.it","article_published_time":"2023-05-19T08:31:28+00:00","article_modified_time":"2023-06-01T09:48:04+00:00","og_image":[{"width":1280,"height":770,"url":"https:\/\/napolibandb.it\/wp-content\/uploads\/2023\/05\/Museo-Storico-Musicale-di-Napoli-.jpeg","type":"image\/jpeg"}],"author":"admin","twitter_card":"summary_large_image","twitter_misc":{"\u00c9crit par":"admin","Dur\u00e9e de lecture estim\u00e9e":"1 minute"},"schema":{"@context":"https:\/\/schema.org","@graph":[{"@type":"Article","@id":"https:\/\/napolibandb.it\/fr\/2023\/05\/19\/san-pietro-a-majella-et-musee-historique-musicale\/#article","isPartOf":{"@id":"https:\/\/napolibandb.it\/fr\/2023\/05\/19\/san-pietro-a-majella-et-musee-historique-musicale\/"},"author":{"name":"admin","@id":"https:\/\/napolibandb.it\/fr\/#\/schema\/person\/1ceb6f7848b4ed902d0cb55188d791a1"},"headline":"San pietro a majella et mus\u00e9e historique-musicale","datePublished":"2023-05-19T08:31:28+00:00","dateModified":"2023-06-01T09:48:04+00:00","mainEntityOfPage":{"@id":"https:\/\/napolibandb.it\/fr\/2023\/05\/19\/san-pietro-a-majella-et-musee-historique-musicale\/"},"wordCount":250,"commentCount":0,"publisher":{"@id":"https:\/\/napolibandb.it\/fr\/#organization"},"image":{"@id":"https:\/\/napolibandb.it\/fr\/2023\/05\/19\/san-pietro-a-majella-et-musee-historique-musicale\/#primaryimage"},"thumbnailUrl":"https:\/\/napolibandb.it\/wp-content\/uploads\/2023\/05\/Museo-Storico-Musicale-di-Napoli-.jpeg","articleSection":["Mus\u00e9es Naples"],"inLanguage":"fr-FR","potentialAction":[{"@type":"CommentAction","name":"Comment","target":["https:\/\/napolibandb.it\/fr\/2023\/05\/19\/san-pietro-a-majella-et-musee-historique-musicale\/#respond"]}]},{"@type":"WebPage","@id":"https:\/\/napolibandb.it\/fr\/2023\/05\/19\/san-pietro-a-majella-et-musee-historique-musicale\/","url":"https:\/\/napolibandb.it\/fr\/2023\/05\/19\/san-pietro-a-majella-et-musee-historique-musicale\/","name":"San pietro a majella et mus\u00e9e historique-musicale | I Visconti B&B Napoli","isPartOf":{"@id":"https:\/\/napolibandb.it\/fr\/#website"},"primaryImageOfPage":{"@id":"https:\/\/napolibandb.it\/fr\/2023\/05\/19\/san-pietro-a-majella-et-musee-historique-musicale\/#primaryimage"},"image":{"@id":"https:\/\/napolibandb.it\/fr\/2023\/05\/19\/san-pietro-a-majella-et-musee-historique-musicale\/#primaryimage"},"thumbnailUrl":"https:\/\/napolibandb.it\/wp-content\/uploads\/2023\/05\/Museo-Storico-Musicale-di-Napoli-.jpeg","datePublished":"2023-05-19T08:31:28+00:00","dateModified":"2023-06-01T09:48:04+00:00","breadcrumb":{"@id":"https:\/\/napolibandb.it\/fr\/2023\/05\/19\/san-pietro-a-majella-et-musee-historique-musicale\/#breadcrumb"},"inLanguage":"fr-FR","potentialAction":[{"@type":"ReadAction","target":["https:\/\/napolibandb.it\/fr\/2023\/05\/19\/san-pietro-a-majella-et-musee-historique-musicale\/"]}]},{"@type":"ImageObject","inLanguage":"fr-FR","@id":"https:\/\/napolibandb.it\/fr\/2023\/05\/19\/san-pietro-a-majella-et-musee-historique-musicale\/#primaryimage","url":"https:\/\/napolibandb.it\/wp-content\/uploads\/2023\/05\/Museo-Storico-Musicale-di-Napoli-.jpeg","contentUrl":"https:\/\/napolibandb.it\/wp-content\/uploads\/2023\/05\/Museo-Storico-Musicale-di-Napoli-.jpeg","width":1280,"height":770},{"@type":"BreadcrumbList","@id":"https:\/\/napolibandb.it\/fr\/2023\/05\/19\/san-pietro-a-majella-et-musee-historique-musicale\/#breadcrumb","itemListElement":[{"@type":"ListItem","position":1,"name":"Home","item":"https:\/\/napolibandb.it\/fr\/"},{"@type":"ListItem","position":2,"name":"San pietro a majella et mus\u00e9e historique-musicale"}]},{"@type":"WebSite","@id":"https:\/\/napolibandb.it\/fr\/#website","url":"https:\/\/napolibandb.it\/fr\/","name":"Bed and Breakfast Napoli | I Visconti a Napoli Centro","description":"Cerchi un B&amp;B a Napoli centro? I Visconti &egrave; quello che fa per te","publisher":{"@id":"https:\/\/napolibandb.it\/fr\/#organization"},"alternateName":"I Visconti B&B Napoli","potentialAction":[{"@type":"SearchAction","target":{"@type":"EntryPoint","urlTemplate":"https:\/\/napolibandb.it\/fr\/?s={search_term_string}"},"query-input":{"@type":"PropertyValueSpecification","valueRequired":true,"valueName":"search_term_string"}}],"inLanguage":"fr-FR"},{"@type":["Organization","Place","BedAndBreakfast"],"@id":"https:\/\/napolibandb.it\/fr\/#organization","name":"I Visconti B&B Napoli","url":"https:\/\/napolibandb.it\/fr\/","logo":{"@id":"https:\/\/napolibandb.it\/fr\/2023\/05\/19\/san-pietro-a-majella-et-musee-historique-musicale\/#local-main-organization-logo"},"image":{"@id":"https:\/\/napolibandb.it\/fr\/2023\/05\/19\/san-pietro-a-majella-et-musee-historique-musicale\/#local-main-organization-logo"},"sameAs":["https:\/\/www.facebook.com\/www.napolibandb.it","https:\/\/www.instagram.com\/bandb_visconti_napoli\/?hl=af"],"address":{"@id":"https:\/\/napolibandb.it\/fr\/2023\/05\/19\/san-pietro-a-majella-et-musee-historique-musicale\/#local-main-place-address"},"geo":{"@type":"GeoCoordinates","latitude":"40.846342427305196","longitude":"14.248742973023457"},"telephone":["0815529124"],"openingHoursSpecification":[],"email":"info@napolibandb.it","paymentAccepted":"Bonifico Bancario, Carta di Credito"},{"@type":"Person","@id":"https:\/\/napolibandb.it\/fr\/#\/schema\/person\/1ceb6f7848b4ed902d0cb55188d791a1","name":"admin","image":{"@type":"ImageObject","inLanguage":"fr-FR","@id":"https:\/\/secure.gravatar.com\/avatar\/25199fec36d72749416bbc688210851b03bb23c13e1295520c7d0f52a10b609d?s=96&d=mm&r=g","url":"https:\/\/secure.gravatar.com\/avatar\/25199fec36d72749416bbc688210851b03bb23c13e1295520c7d0f52a10b609d?s=96&d=mm&r=g","contentUrl":"https:\/\/secure.gravatar.com\/avatar\/25199fec36d72749416bbc688210851b03bb23c13e1295520c7d0f52a10b609d?s=96&d=mm&r=g","caption":"admin"},"sameAs":["https:\/\/napolibandb.it"]},{"@type":"PostalAddress","@id":"https:\/\/napolibandb.it\/fr\/2023\/05\/19\/san-pietro-a-majella-et-musee-historique-musicale\/#local-main-place-address","streetAddress":"Via Pasquale Scura, 77 Napoli, Italia","addressLocality":"Napoli","postalCode":"80144","addressRegion":"Italia","addressCountry":"IT"},{"@type":"ImageObject","inLanguage":"fr-FR","@id":"https:\/\/napolibandb.it\/fr\/2023\/05\/19\/san-pietro-a-majella-et-musee-historique-musicale\/#local-main-organization-logo","url":"https:\/\/napolibandb.it\/wp-content\/uploads\/2023\/07\/logo-i-visconti-b-and-b-napoli.png","contentUrl":"https:\/\/napolibandb.it\/wp-content\/uploads\/2023\/07\/logo-i-visconti-b-and-b-napoli.png","width":1212,"height":278,"caption":"I Visconti B&B Napoli"}]},"geo.placename":"Napoli","geo.position":{"lat":"40.846342427305196","long":"14.248742973023457"},"geo.region":"Italie"},"_links":{"self":[{"href":"https:\/\/napolibandb.it\/fr\/wp-json\/wp\/v2\/posts\/3742","targetHints":{"allow":["GET"]}}],"collection":[{"href":"https:\/\/napolibandb.it\/fr\/wp-json\/wp\/v2\/posts"}],"about":[{"href":"https:\/\/napolibandb.it\/fr\/wp-json\/wp\/v2\/types\/post"}],"author":[{"embeddable":true,"href":"https:\/\/napolibandb.it\/fr\/wp-json\/wp\/v2\/users\/1"}],"replies":[{"embeddable":true,"href":"https:\/\/napolibandb.it\/fr\/wp-json\/wp\/v2\/comments?post=3742"}],"version-history":[{"count":1,"href":"https:\/\/napolibandb.it\/fr\/wp-json\/wp\/v2\/posts\/3742\/revisions"}],"predecessor-version":[{"id":3743,"href":"https:\/\/napolibandb.it\/fr\/wp-json\/wp\/v2\/posts\/3742\/revisions\/3743"}],"wp:featuredmedia":[{"embeddable":true,"href":"https:\/\/napolibandb.it\/fr\/wp-json\/wp\/v2\/media\/2274"}],"wp:attachment":[{"href":"https:\/\/napolibandb.it\/fr\/wp-json\/wp\/v2\/media?parent=3742"}],"wp:term":[{"taxonomy":"category","embeddable":true,"href":"https:\/\/napolibandb.it\/fr\/wp-json\/wp\/v2\/categories?post=3742"},{"taxonomy":"post_tag","embeddable":true,"href":"https:\/\/napolibandb.it\/fr\/wp-json\/wp\/v2\/tags?post=3742"}],"curies":[{"name":"wp","href":"https:\/\/api.w.org\/{rel}","templated":true}]}}