{"id":9069,"date":"2023-09-08T18:51:14","date_gmt":"2023-09-08T16:51:14","guid":{"rendered":"https:\/\/napolibandb.it\/2023\/09\/08\/piazza-del-gesu-a-napoli\/"},"modified":"2023-09-08T19:01:22","modified_gmt":"2023-09-08T17:01:22","slug":"piazza-del-gesu-a-napoli","status":"publish","type":"post","link":"https:\/\/napolibandb.it\/es\/2023\/09\/08\/piazza-del-gesu-a-napoli\/","title":{"rendered":"Piazza Del Ges\u00f9 A Napoli"},"content":{"rendered":"\n<p class=\"has-thmv-dark-color has-text-color wp-block-paragraph\">La Piazza del Ges\u00f9 de N\u00e1poles, antigua zona de entrada a la ciudad grecorromana, es el punto de partida ideal hacia el antiguo centro de N\u00e1poles, que se desarrolla a lo largo de tres calles paralelas (correspondientes a las plateiai griegas, decumani en la \u00e9poca romana), que se cruzan en un \u00e1ngulo sostenido por otras v\u00edas (los sienopoi o bisagras).<\/p>\n\n<figure class=\"wp-block-image size-large\"><img data-rjs=\"2\" fetchpriority=\"high\" decoding=\"async\" width=\"819\" height=\"1024\" src=\"https:\/\/napolibandb.it\/wp-content\/uploads\/2023\/09\/piazza-del-gesu-napoli-centro-i-visconti-819x1024.jpeg\" alt=\"piazza del ges&#xF9;, napoli centro,\" class=\"wp-image-9055\" srcset=\"https:\/\/napolibandb.it\/wp-content\/uploads\/2023\/09\/piazza-del-gesu-napoli-centro-i-visconti-819x1024.jpeg 819w, https:\/\/napolibandb.it\/wp-content\/uploads\/2023\/09\/piazza-del-gesu-napoli-centro-i-visconti-240x300.jpeg 240w, https:\/\/napolibandb.it\/wp-content\/uploads\/2023\/09\/piazza-del-gesu-napoli-centro-i-visconti-768x960.jpeg 768w, https:\/\/napolibandb.it\/wp-content\/uploads\/2023\/09\/piazza-del-gesu-napoli-centro-i-visconti-64x80.jpeg 64w, https:\/\/napolibandb.it\/wp-content\/uploads\/2023\/09\/piazza-del-gesu-napoli-centro-i-visconti-242x303.jpeg 242w, https:\/\/napolibandb.it\/wp-content\/uploads\/2023\/09\/piazza-del-gesu-napoli-centro-i-visconti-560x700.jpeg 560w, https:\/\/napolibandb.it\/wp-content\/uploads\/2023\/09\/piazza-del-gesu-napoli-centro-i-visconti-760x950.jpeg 760w, https:\/\/napolibandb.it\/wp-content\/uploads\/2023\/09\/piazza-del-gesu-napoli-centro-i-visconti-864x1080.jpeg 864w, https:\/\/napolibandb.it\/wp-content\/uploads\/2023\/09\/piazza-del-gesu-napoli-centro-i-visconti-32x40.jpeg 32w, https:\/\/napolibandb.it\/wp-content\/uploads\/2023\/09\/piazza-del-gesu-napoli-centro-i-visconti.jpeg 1080w\" sizes=\"(max-width: 819px) 100vw, 819px\" \/><\/figure>\n\n<p class=\"wp-block-paragraph\">El trazado de estas v\u00edas a\u00fan hoy se conserva, manteniendo, despu\u00e9s de dos mil quinientos a\u00f1os, la misma configuraci\u00f3n dise\u00f1ada por Hip\u00f3damo \u200b\u200bde Mileto, arquitecto griego de finales del siglo VI a.C.<\/p>\n\n<h2 class=\"wp-block-heading\" id=\"h-piazza-del-gesu-nel-centro-di-napoli\">PIAZZA DEL GES\u00d9 EN EL CENTRO DE N\u00c1POLES<\/h2>\n\n<p class=\"wp-block-paragraph\">Desde la Piazza del Ges\u00f9 se accede al primer decumanus, que ha adoptado el nombre de \u00abSpaccanapoli\u00bb debido a su funci\u00f3n de separaci\u00f3n del centro de la ciudad.<\/p>\n\n<p class=\"wp-block-paragraph\">Actualmente la Piazza del Ges\u00f9 -y este es su particular encanto- ofrece en su conjunto diferentes tipolog\u00edas estil\u00edsticas: m\u00e1s all\u00e1 de las murallas, el complejo del monasterio de Santa Chiara con su iglesia medieval de toba; enfrente, el palacio del siglo XV de la familia Sanseverino, pr\u00edncipes de Salerno, transformado en la iglesia de Ges\u00f9 a finales del siglo XVI; en el centro, una de las arquitecturas urbanas t\u00edpicas del barroco tard\u00edo napolitano, la aguja de la Inmaculada Concepci\u00f3n, creada por los arquitectos Giuseppe Genuino y Giuseppe di Fiore con decoraciones escult\u00f3ricas de Matteo Bottiglieri y Francesco Pagano.<\/p>\n\n<p class=\"wp-block-paragraph\">Este monumento, encargado por los padres jesuitas en 1743, una gigantesca fusi\u00f3n de arquitectura y escultura de m\u00e1s de treinta metros de altura, es una de las tres torres construidas en la ciudad: una verdadera \u00abm\u00e1quina de fiesta\u00bb construida en piedra.<\/p>\n","protected":false},"excerpt":{"rendered":"<p>La Piazza del Ges\u00f9 de N\u00e1poles, antigua zona de entrada a la ciudad grecorromana, es el punto de partida ideal hacia el antiguo centro de N\u00e1poles, que se desarrolla a lo largo de tres calles paralelas (correspondientes a las plateiai &hellip; <a href=\"https:\/\/napolibandb.it\/es\/2023\/09\/08\/piazza-del-gesu-a-napoli\/\">Read More<\/a><\/p>\n","protected":false},"author":1,"featured_media":9054,"comment_status":"closed","ping_status":"closed","sticky":false,"template":"","format":"standard","meta":{"footnotes":""},"categories":[192],"tags":[],"class_list":["post-9069","post","type-post","status-publish","format-standard","has-post-thumbnail","hentry","category-centro-storico-napoli-es"],"yoast_head":"<!-- This site is optimized with the Yoast SEO Premium plugin v26.9 (Yoast SEO v28.3) - https:\/\/yoast.com\/product\/yoast-seo-premium-wordpress\/ -->\n<title>Piazza Del Ges\u00f9 A Napoli | I Visconti B&amp;B Napoli<\/title>\n<meta name=\"robots\" content=\"index, follow, max-snippet:-1, max-image-preview:large, max-video-preview:-1\" \/>\n<link rel=\"canonical\" href=\"https:\/\/napolibandb.it\/es\/2023\/09\/08\/piazza-del-gesu-a-napoli\/\" \/>\n<meta property=\"og:locale\" content=\"es_ES\" \/>\n<meta property=\"og:type\" content=\"article\" \/>\n<meta property=\"og:title\" content=\"Piazza Del Ges\u00f9 A Napoli\" \/>\n<meta property=\"og:description\" content=\"La Piazza del Ges\u00f9 de N\u00e1poles, antigua zona de entrada a la ciudad grecorromana, es el punto de partida ideal hacia el antiguo centro de N\u00e1poles, que se desarrolla a lo largo de tres calles paralelas (correspondientes a las plateiai &hellip; Read More\" \/>\n<meta property=\"og:url\" content=\"https:\/\/napolibandb.it\/es\/2023\/09\/08\/piazza-del-gesu-a-napoli\/\" \/>\n<meta property=\"og:site_name\" content=\"Bed and Breakfast Napoli | I Visconti | B&amp;B Napoli centro\" \/>\n<meta property=\"article:publisher\" content=\"https:\/\/www.facebook.com\/www.napolibandb.it\" \/>\n<meta property=\"article:published_time\" content=\"2023-09-08T16:51:14+00:00\" \/>\n<meta property=\"article:modified_time\" content=\"2023-09-08T17:01:22+00:00\" \/>\n<meta property=\"og:image\" content=\"https:\/\/napolibandb.it\/wp-content\/uploads\/2023\/09\/piazza-del-gesu-napoli-b-and-b-i-visconti.jpeg\" \/>\n\t<meta property=\"og:image:width\" content=\"1200\" \/>\n\t<meta property=\"og:image:height\" content=\"800\" \/>\n\t<meta property=\"og:image:type\" content=\"image\/jpeg\" \/>\n<meta name=\"author\" content=\"admin\" \/>\n<meta name=\"twitter:card\" content=\"summary_large_image\" \/>\n<meta name=\"twitter:label1\" content=\"Escrito por\" \/>\n\t<meta name=\"twitter:data1\" content=\"admin\" \/>\n\t<meta name=\"twitter:label2\" content=\"Tiempo de lectura\" \/>\n\t<meta name=\"twitter:data2\" content=\"1 minuto\" \/>\n<script type=\"application\/ld+json\" class=\"yoast-schema-graph\">{\"@context\":\"https:\\\/\\\/schema.org\",\"@graph\":[{\"@type\":\"Article\",\"@id\":\"https:\\\/\\\/napolibandb.it\\\/es\\\/2023\\\/09\\\/08\\\/piazza-del-gesu-a-napoli\\\/#article\",\"isPartOf\":{\"@id\":\"https:\\\/\\\/napolibandb.it\\\/es\\\/2023\\\/09\\\/08\\\/piazza-del-gesu-a-napoli\\\/\"},\"author\":{\"name\":\"admin\",\"@id\":\"https:\\\/\\\/napolibandb.it\\\/es\\\/#\\\/schema\\\/person\\\/1ceb6f7848b4ed902d0cb55188d791a1\"},\"headline\":\"Piazza Del Ges\u00f9 A Napoli\",\"datePublished\":\"2023-09-08T16:51:14+00:00\",\"dateModified\":\"2023-09-08T17:01:22+00:00\",\"mainEntityOfPage\":{\"@id\":\"https:\\\/\\\/napolibandb.it\\\/es\\\/2023\\\/09\\\/08\\\/piazza-del-gesu-a-napoli\\\/\"},\"wordCount\":296,\"publisher\":{\"@id\":\"https:\\\/\\\/napolibandb.it\\\/es\\\/#organization\"},\"image\":{\"@id\":\"https:\\\/\\\/napolibandb.it\\\/es\\\/2023\\\/09\\\/08\\\/piazza-del-gesu-a-napoli\\\/#primaryimage\"},\"thumbnailUrl\":\"https:\\\/\\\/napolibandb.it\\\/wp-content\\\/uploads\\\/2023\\\/09\\\/piazza-del-gesu-napoli-b-and-b-i-visconti.jpeg\",\"articleSection\":[\"Centro Storico - Napoli\"],\"inLanguage\":\"es\"},{\"@type\":\"WebPage\",\"@id\":\"https:\\\/\\\/napolibandb.it\\\/es\\\/2023\\\/09\\\/08\\\/piazza-del-gesu-a-napoli\\\/\",\"url\":\"https:\\\/\\\/napolibandb.it\\\/es\\\/2023\\\/09\\\/08\\\/piazza-del-gesu-a-napoli\\\/\",\"name\":\"Piazza Del Ges\u00f9 A Napoli | I Visconti B&B Napoli\",\"isPartOf\":{\"@id\":\"https:\\\/\\\/napolibandb.it\\\/es\\\/#website\"},\"primaryImageOfPage\":{\"@id\":\"https:\\\/\\\/napolibandb.it\\\/es\\\/2023\\\/09\\\/08\\\/piazza-del-gesu-a-napoli\\\/#primaryimage\"},\"image\":{\"@id\":\"https:\\\/\\\/napolibandb.it\\\/es\\\/2023\\\/09\\\/08\\\/piazza-del-gesu-a-napoli\\\/#primaryimage\"},\"thumbnailUrl\":\"https:\\\/\\\/napolibandb.it\\\/wp-content\\\/uploads\\\/2023\\\/09\\\/piazza-del-gesu-napoli-b-and-b-i-visconti.jpeg\",\"datePublished\":\"2023-09-08T16:51:14+00:00\",\"dateModified\":\"2023-09-08T17:01:22+00:00\",\"breadcrumb\":{\"@id\":\"https:\\\/\\\/napolibandb.it\\\/es\\\/2023\\\/09\\\/08\\\/piazza-del-gesu-a-napoli\\\/#breadcrumb\"},\"inLanguage\":\"es\",\"potentialAction\":[{\"@type\":\"ReadAction\",\"target\":[\"https:\\\/\\\/napolibandb.it\\\/es\\\/2023\\\/09\\\/08\\\/piazza-del-gesu-a-napoli\\\/\"]}]},{\"@type\":\"ImageObject\",\"inLanguage\":\"es\",\"@id\":\"https:\\\/\\\/napolibandb.it\\\/es\\\/2023\\\/09\\\/08\\\/piazza-del-gesu-a-napoli\\\/#primaryimage\",\"url\":\"https:\\\/\\\/napolibandb.it\\\/wp-content\\\/uploads\\\/2023\\\/09\\\/piazza-del-gesu-napoli-b-and-b-i-visconti.jpeg\",\"contentUrl\":\"https:\\\/\\\/napolibandb.it\\\/wp-content\\\/uploads\\\/2023\\\/09\\\/piazza-del-gesu-napoli-b-and-b-i-visconti.jpeg\",\"width\":1200,\"height\":800},{\"@type\":\"BreadcrumbList\",\"@id\":\"https:\\\/\\\/napolibandb.it\\\/es\\\/2023\\\/09\\\/08\\\/piazza-del-gesu-a-napoli\\\/#breadcrumb\",\"itemListElement\":[{\"@type\":\"ListItem\",\"position\":1,\"name\":\"Home\",\"item\":\"https:\\\/\\\/napolibandb.it\\\/es\\\/\"},{\"@type\":\"ListItem\",\"position\":2,\"name\":\"Piazza Del Ges\u00f9 A Napoli\"}]},{\"@type\":\"WebSite\",\"@id\":\"https:\\\/\\\/napolibandb.it\\\/es\\\/#website\",\"url\":\"https:\\\/\\\/napolibandb.it\\\/es\\\/\",\"name\":\"Bed and Breakfast Napoli | I Visconti a Napoli Centro\",\"description\":\"Cerchi un B&amp;B a Napoli centro? I Visconti &egrave; quello che fa per te\",\"publisher\":{\"@id\":\"https:\\\/\\\/napolibandb.it\\\/es\\\/#organization\"},\"alternateName\":\"I Visconti B&B Napoli\",\"potentialAction\":[{\"@type\":\"SearchAction\",\"target\":{\"@type\":\"EntryPoint\",\"urlTemplate\":\"https:\\\/\\\/napolibandb.it\\\/es\\\/?s={search_term_string}\"},\"query-input\":{\"@type\":\"PropertyValueSpecification\",\"valueRequired\":true,\"valueName\":\"search_term_string\"}}],\"inLanguage\":\"es\"},{\"@type\":[\"Organization\",\"Place\",\"BedAndBreakfast\"],\"@id\":\"https:\\\/\\\/napolibandb.it\\\/es\\\/#organization\",\"name\":\"I Visconti B&B Napoli\",\"url\":\"https:\\\/\\\/napolibandb.it\\\/es\\\/\",\"logo\":{\"@id\":\"https:\\\/\\\/napolibandb.it\\\/es\\\/2023\\\/09\\\/08\\\/piazza-del-gesu-a-napoli\\\/#local-main-organization-logo\"},\"image\":{\"@id\":\"https:\\\/\\\/napolibandb.it\\\/es\\\/2023\\\/09\\\/08\\\/piazza-del-gesu-a-napoli\\\/#local-main-organization-logo\"},\"sameAs\":[\"https:\\\/\\\/www.facebook.com\\\/www.napolibandb.it\",\"https:\\\/\\\/www.instagram.com\\\/bandb_visconti_napoli\\\/?hl=af\"],\"address\":{\"@id\":\"https:\\\/\\\/napolibandb.it\\\/es\\\/2023\\\/09\\\/08\\\/piazza-del-gesu-a-napoli\\\/#local-main-place-address\"},\"geo\":{\"@type\":\"GeoCoordinates\",\"latitude\":\"40.846342427305196\",\"longitude\":\"14.248742973023457\"},\"telephone\":[\"0815529124\"],\"openingHoursSpecification\":[],\"email\":\"info@napolibandb.it\",\"paymentAccepted\":\"Bonifico Bancario, Carta di Credito\"},{\"@type\":\"Person\",\"@id\":\"https:\\\/\\\/napolibandb.it\\\/es\\\/#\\\/schema\\\/person\\\/1ceb6f7848b4ed902d0cb55188d791a1\",\"name\":\"admin\",\"image\":{\"@type\":\"ImageObject\",\"inLanguage\":\"es\",\"@id\":\"https:\\\/\\\/secure.gravatar.com\\\/avatar\\\/25199fec36d72749416bbc688210851b03bb23c13e1295520c7d0f52a10b609d?s=96&d=mm&r=g\",\"url\":\"https:\\\/\\\/secure.gravatar.com\\\/avatar\\\/25199fec36d72749416bbc688210851b03bb23c13e1295520c7d0f52a10b609d?s=96&d=mm&r=g\",\"contentUrl\":\"https:\\\/\\\/secure.gravatar.com\\\/avatar\\\/25199fec36d72749416bbc688210851b03bb23c13e1295520c7d0f52a10b609d?s=96&d=mm&r=g\",\"caption\":\"admin\"},\"sameAs\":[\"https:\\\/\\\/napolibandb.it\"]},{\"@type\":\"PostalAddress\",\"@id\":\"https:\\\/\\\/napolibandb.it\\\/es\\\/2023\\\/09\\\/08\\\/piazza-del-gesu-a-napoli\\\/#local-main-place-address\",\"streetAddress\":\"Via Pasquale Scura, 77 Napoli, Italia\",\"addressLocality\":\"Napoli\",\"postalCode\":\"80144\",\"addressRegion\":\"Italia\",\"addressCountry\":\"IT\"},{\"@type\":\"ImageObject\",\"inLanguage\":\"es\",\"@id\":\"https:\\\/\\\/napolibandb.it\\\/es\\\/2023\\\/09\\\/08\\\/piazza-del-gesu-a-napoli\\\/#local-main-organization-logo\",\"url\":\"https:\\\/\\\/napolibandb.it\\\/wp-content\\\/uploads\\\/2023\\\/07\\\/logo-i-visconti-b-and-b-napoli.png\",\"contentUrl\":\"https:\\\/\\\/napolibandb.it\\\/wp-content\\\/uploads\\\/2023\\\/07\\\/logo-i-visconti-b-and-b-napoli.png\",\"width\":1212,\"height\":278,\"caption\":\"I Visconti B&B Napoli\"}]}<\/script>\n<meta name=\"geo.placename\" content=\"Napoli\" \/>\n<meta name=\"geo.position\" content=\"40.846342427305196;14.248742973023457\" \/>\n<meta name=\"geo.region\" content=\"Italia\" \/>\n<!-- \/ Yoast SEO Premium plugin. -->","yoast_head_json":{"title":"Piazza Del Ges\u00f9 A Napoli | I Visconti B&B Napoli","robots":{"index":"index","follow":"follow","max-snippet":"max-snippet:-1","max-image-preview":"max-image-preview:large","max-video-preview":"max-video-preview:-1"},"canonical":"https:\/\/napolibandb.it\/es\/2023\/09\/08\/piazza-del-gesu-a-napoli\/","og_locale":"es_ES","og_type":"article","og_title":"Piazza Del Ges\u00f9 A Napoli","og_description":"La Piazza del Ges\u00f9 de N\u00e1poles, antigua zona de entrada a la ciudad grecorromana, es el punto de partida ideal hacia el antiguo centro de N\u00e1poles, que se desarrolla a lo largo de tres calles paralelas (correspondientes a las plateiai &hellip; Read More","og_url":"https:\/\/napolibandb.it\/es\/2023\/09\/08\/piazza-del-gesu-a-napoli\/","og_site_name":"Bed and Breakfast Napoli | I Visconti | B&amp;B Napoli centro","article_publisher":"https:\/\/www.facebook.com\/www.napolibandb.it","article_published_time":"2023-09-08T16:51:14+00:00","article_modified_time":"2023-09-08T17:01:22+00:00","og_image":[{"width":1200,"height":800,"url":"https:\/\/napolibandb.it\/wp-content\/uploads\/2023\/09\/piazza-del-gesu-napoli-b-and-b-i-visconti.jpeg","type":"image\/jpeg"}],"author":"admin","twitter_card":"summary_large_image","twitter_misc":{"Escrito por":"admin","Tiempo de lectura":"1 minuto"},"schema":{"@context":"https:\/\/schema.org","@graph":[{"@type":"Article","@id":"https:\/\/napolibandb.it\/es\/2023\/09\/08\/piazza-del-gesu-a-napoli\/#article","isPartOf":{"@id":"https:\/\/napolibandb.it\/es\/2023\/09\/08\/piazza-del-gesu-a-napoli\/"},"author":{"name":"admin","@id":"https:\/\/napolibandb.it\/es\/#\/schema\/person\/1ceb6f7848b4ed902d0cb55188d791a1"},"headline":"Piazza Del Ges\u00f9 A Napoli","datePublished":"2023-09-08T16:51:14+00:00","dateModified":"2023-09-08T17:01:22+00:00","mainEntityOfPage":{"@id":"https:\/\/napolibandb.it\/es\/2023\/09\/08\/piazza-del-gesu-a-napoli\/"},"wordCount":296,"publisher":{"@id":"https:\/\/napolibandb.it\/es\/#organization"},"image":{"@id":"https:\/\/napolibandb.it\/es\/2023\/09\/08\/piazza-del-gesu-a-napoli\/#primaryimage"},"thumbnailUrl":"https:\/\/napolibandb.it\/wp-content\/uploads\/2023\/09\/piazza-del-gesu-napoli-b-and-b-i-visconti.jpeg","articleSection":["Centro Storico - Napoli"],"inLanguage":"es"},{"@type":"WebPage","@id":"https:\/\/napolibandb.it\/es\/2023\/09\/08\/piazza-del-gesu-a-napoli\/","url":"https:\/\/napolibandb.it\/es\/2023\/09\/08\/piazza-del-gesu-a-napoli\/","name":"Piazza Del Ges\u00f9 A Napoli | I Visconti B&B Napoli","isPartOf":{"@id":"https:\/\/napolibandb.it\/es\/#website"},"primaryImageOfPage":{"@id":"https:\/\/napolibandb.it\/es\/2023\/09\/08\/piazza-del-gesu-a-napoli\/#primaryimage"},"image":{"@id":"https:\/\/napolibandb.it\/es\/2023\/09\/08\/piazza-del-gesu-a-napoli\/#primaryimage"},"thumbnailUrl":"https:\/\/napolibandb.it\/wp-content\/uploads\/2023\/09\/piazza-del-gesu-napoli-b-and-b-i-visconti.jpeg","datePublished":"2023-09-08T16:51:14+00:00","dateModified":"2023-09-08T17:01:22+00:00","breadcrumb":{"@id":"https:\/\/napolibandb.it\/es\/2023\/09\/08\/piazza-del-gesu-a-napoli\/#breadcrumb"},"inLanguage":"es","potentialAction":[{"@type":"ReadAction","target":["https:\/\/napolibandb.it\/es\/2023\/09\/08\/piazza-del-gesu-a-napoli\/"]}]},{"@type":"ImageObject","inLanguage":"es","@id":"https:\/\/napolibandb.it\/es\/2023\/09\/08\/piazza-del-gesu-a-napoli\/#primaryimage","url":"https:\/\/napolibandb.it\/wp-content\/uploads\/2023\/09\/piazza-del-gesu-napoli-b-and-b-i-visconti.jpeg","contentUrl":"https:\/\/napolibandb.it\/wp-content\/uploads\/2023\/09\/piazza-del-gesu-napoli-b-and-b-i-visconti.jpeg","width":1200,"height":800},{"@type":"BreadcrumbList","@id":"https:\/\/napolibandb.it\/es\/2023\/09\/08\/piazza-del-gesu-a-napoli\/#breadcrumb","itemListElement":[{"@type":"ListItem","position":1,"name":"Home","item":"https:\/\/napolibandb.it\/es\/"},{"@type":"ListItem","position":2,"name":"Piazza Del Ges\u00f9 A Napoli"}]},{"@type":"WebSite","@id":"https:\/\/napolibandb.it\/es\/#website","url":"https:\/\/napolibandb.it\/es\/","name":"Bed and Breakfast Napoli | I Visconti a Napoli Centro","description":"Cerchi un B&amp;B a Napoli centro? I Visconti &egrave; quello che fa per te","publisher":{"@id":"https:\/\/napolibandb.it\/es\/#organization"},"alternateName":"I Visconti B&B Napoli","potentialAction":[{"@type":"SearchAction","target":{"@type":"EntryPoint","urlTemplate":"https:\/\/napolibandb.it\/es\/?s={search_term_string}"},"query-input":{"@type":"PropertyValueSpecification","valueRequired":true,"valueName":"search_term_string"}}],"inLanguage":"es"},{"@type":["Organization","Place","BedAndBreakfast"],"@id":"https:\/\/napolibandb.it\/es\/#organization","name":"I Visconti B&B Napoli","url":"https:\/\/napolibandb.it\/es\/","logo":{"@id":"https:\/\/napolibandb.it\/es\/2023\/09\/08\/piazza-del-gesu-a-napoli\/#local-main-organization-logo"},"image":{"@id":"https:\/\/napolibandb.it\/es\/2023\/09\/08\/piazza-del-gesu-a-napoli\/#local-main-organization-logo"},"sameAs":["https:\/\/www.facebook.com\/www.napolibandb.it","https:\/\/www.instagram.com\/bandb_visconti_napoli\/?hl=af"],"address":{"@id":"https:\/\/napolibandb.it\/es\/2023\/09\/08\/piazza-del-gesu-a-napoli\/#local-main-place-address"},"geo":{"@type":"GeoCoordinates","latitude":"40.846342427305196","longitude":"14.248742973023457"},"telephone":["0815529124"],"openingHoursSpecification":[],"email":"info@napolibandb.it","paymentAccepted":"Bonifico Bancario, Carta di Credito"},{"@type":"Person","@id":"https:\/\/napolibandb.it\/es\/#\/schema\/person\/1ceb6f7848b4ed902d0cb55188d791a1","name":"admin","image":{"@type":"ImageObject","inLanguage":"es","@id":"https:\/\/secure.gravatar.com\/avatar\/25199fec36d72749416bbc688210851b03bb23c13e1295520c7d0f52a10b609d?s=96&d=mm&r=g","url":"https:\/\/secure.gravatar.com\/avatar\/25199fec36d72749416bbc688210851b03bb23c13e1295520c7d0f52a10b609d?s=96&d=mm&r=g","contentUrl":"https:\/\/secure.gravatar.com\/avatar\/25199fec36d72749416bbc688210851b03bb23c13e1295520c7d0f52a10b609d?s=96&d=mm&r=g","caption":"admin"},"sameAs":["https:\/\/napolibandb.it"]},{"@type":"PostalAddress","@id":"https:\/\/napolibandb.it\/es\/2023\/09\/08\/piazza-del-gesu-a-napoli\/#local-main-place-address","streetAddress":"Via Pasquale Scura, 77 Napoli, Italia","addressLocality":"Napoli","postalCode":"80144","addressRegion":"Italia","addressCountry":"IT"},{"@type":"ImageObject","inLanguage":"es","@id":"https:\/\/napolibandb.it\/es\/2023\/09\/08\/piazza-del-gesu-a-napoli\/#local-main-organization-logo","url":"https:\/\/napolibandb.it\/wp-content\/uploads\/2023\/07\/logo-i-visconti-b-and-b-napoli.png","contentUrl":"https:\/\/napolibandb.it\/wp-content\/uploads\/2023\/07\/logo-i-visconti-b-and-b-napoli.png","width":1212,"height":278,"caption":"I Visconti B&B Napoli"}]},"geo.placename":"Napoli","geo.position":{"lat":"40.846342427305196","long":"14.248742973023457"},"geo.region":"Italia"},"_links":{"self":[{"href":"https:\/\/napolibandb.it\/es\/wp-json\/wp\/v2\/posts\/9069","targetHints":{"allow":["GET"]}}],"collection":[{"href":"https:\/\/napolibandb.it\/es\/wp-json\/wp\/v2\/posts"}],"about":[{"href":"https:\/\/napolibandb.it\/es\/wp-json\/wp\/v2\/types\/post"}],"author":[{"embeddable":true,"href":"https:\/\/napolibandb.it\/es\/wp-json\/wp\/v2\/users\/1"}],"replies":[{"embeddable":true,"href":"https:\/\/napolibandb.it\/es\/wp-json\/wp\/v2\/comments?post=9069"}],"version-history":[{"count":1,"href":"https:\/\/napolibandb.it\/es\/wp-json\/wp\/v2\/posts\/9069\/revisions"}],"predecessor-version":[{"id":9070,"href":"https:\/\/napolibandb.it\/es\/wp-json\/wp\/v2\/posts\/9069\/revisions\/9070"}],"wp:featuredmedia":[{"embeddable":true,"href":"https:\/\/napolibandb.it\/es\/wp-json\/wp\/v2\/media\/9054"}],"wp:attachment":[{"href":"https:\/\/napolibandb.it\/es\/wp-json\/wp\/v2\/media?parent=9069"}],"wp:term":[{"taxonomy":"category","embeddable":true,"href":"https:\/\/napolibandb.it\/es\/wp-json\/wp\/v2\/categories?post=9069"},{"taxonomy":"post_tag","embeddable":true,"href":"https:\/\/napolibandb.it\/es\/wp-json\/wp\/v2\/tags?post=9069"}],"curies":[{"name":"wp","href":"https:\/\/api.w.org\/{rel}","templated":true}]}}